{"id":380,"date":"2014-04-23T15:53:44","date_gmt":"2014-04-23T14:53:44","guid":{"rendered":"http:\/\/www.srg-riss.de\/?p=380"},"modified":"2014-04-23T15:53:44","modified_gmt":"2014-04-23T14:53:44","slug":"pascal-schneider-rettet-ein-leben","status":"publish","type":"post","link":"http:\/\/www.srg-riss.de\/?p=380","title":{"rendered":"Pascal Schneider rettet ein Leben"},"content":{"rendered":"<p>In einer Feierstunde in der Festhalle Altheim hat die Gemeinde Schemmerhofen sportliche und k\u00fcnstlerische Leistungen und au\u00dfergew\u00f6hnliche Aktivit\u00e4ten von Vereinen und B\u00fcrgern gew\u00fcrdigt.\u00a0<a href=\"http:\/\/www.srg-riss.de\/wp-content\/uploads\/2014\/04\/pascal.jpg\"><img loading=\"lazy\" class=\"alignright size-thumbnail wp-image-381\" alt=\"Pascal Schneider\" src=\"http:\/\/www.srg-riss.de\/wp-content\/uploads\/2014\/04\/pascal-150x150.jpg\" width=\"150\" height=\"150\" \/><\/a><\/p>\n<p>Unter den Geehrten war mit Pascal Schneider auch ein Mitglied unserer Schirigruppe.\u00a0<!--more--><\/p>\n<p>Pascal hatte sich im Rahmen einer Typisierungsaktion f\u00fcr die Deutsche Knochenmarkspenderdatei (DKMS) in Warthausen registrieren lassen. Bereits kurze Zeit sp\u00e4ter kam der Bescheid, dass er f\u00fcr eine Stammzellspende in Frage komme.<\/p>\n<p>So kam es auch, dass Pascal an der Ulmer Uniklinik seine Spende bereits abgegeben hat und damit eine ihm unbekannte Person im Kampf gegen den Blutkrebs entscheidend unterst\u00fctzt.<\/p>\n<p>F\u00fcr dieses vorbildliche Verhalten zollt Dir die Schirigruppe viel Respekt, Pascal!<\/p>\n<p>Zum Artikel der Schw\u00e4bischen Zeitung kommt ihr hier:\u00a0<a title=\"Pascal rettet Leben\" href=\"http:\/\/www.schwaebische.de\/region\/biberach-ulm\/biberach\/rund-um-biberach_artikel,-Pascal-Schneider-ist-ein-Lebensretter-_arid,5628678.html\" target=\"_blank\">http:\/\/www.schwaebische.de\/region\/biberach-ulm\/biberach\/rund-um-biberach_artikel,-Pascal-Schneider-ist-ein-Lebensretter-_arid,5628678.html<\/a><\/p>\n<p>Hier erfahrt ihr mehr \u00fcber eine Registrierung bei der DKMS:\u00a0<a title=\"DKMS\" href=\"http:\/\/www.dkms.de\/de\" target=\"_blank\">http:\/\/www.dkms.de\/de<\/a><\/p>\n","protected":false},"excerpt":{"rendered":"<p>In einer Feierstunde in der Festhalle Altheim hat die Gemeinde Schemmerhofen sportliche und k\u00fcnstlerische Leistungen und au\u00dfergew\u00f6hnliche Aktivit\u00e4ten von Vereinen und B\u00fcrgern gew\u00fcrdigt.\u00a0 Unter den Geehrten war mit Pascal Schneider auch ein Mitglied unserer Schirigruppe.\u00a0<\/p>\n","protected":false},"author":1,"featured_media":0,"comment_status":"closed","ping_status":"open","sticky":false,"template":"","format":"standard","meta":[],"categories":[1],"tags":[],"_links":{"self":[{"href":"http:\/\/www.srg-riss.de\/index.php?rest_route=\/wp\/v2\/posts\/380"}],"collection":[{"href":"http:\/\/www.srg-riss.de\/index.php?rest_route=\/wp\/v2\/posts"}],"about":[{"href":"http:\/\/www.srg-riss.de\/index.php?rest_route=\/wp\/v2\/types\/post"}],"author":[{"embeddable":true,"href":"http:\/\/www.srg-riss.de\/index.php?rest_route=\/wp\/v2\/users\/1"}],"replies":[{"embeddable":true,"href":"http:\/\/www.srg-riss.de\/index.php?rest_route=%2Fwp%2Fv2%2Fcomments&post=380"}],"version-history":[{"count":2,"href":"http:\/\/www.srg-riss.de\/index.php?rest_route=\/wp\/v2\/posts\/380\/revisions"}],"predecessor-version":[{"id":383,"href":"http:\/\/www.srg-riss.de\/index.php?rest_route=\/wp\/v2\/posts\/380\/revisions\/383"}],"wp:attachment":[{"href":"http:\/\/www.srg-riss.de\/index.php?rest_route=%2Fwp%2Fv2%2Fmedia&parent=380"}],"wp:term":[{"taxonomy":"category","embeddable":true,"href":"http:\/\/www.srg-riss.de\/index.php?rest_route=%2Fwp%2Fv2%2Fcategories&post=380"},{"taxonomy":"post_tag","embeddable":true,"href":"http:\/\/www.srg-riss.de\/index.php?rest_route=%2Fwp%2Fv2%2Ftags&post=380"}],"curies":[{"name":"wp","href":"https:\/\/api.w.org\/{rel}","templated":true}]}}