{"id":1584,"date":"2018-06-08T07:02:27","date_gmt":"2018-06-08T06:02:27","guid":{"rendered":"http:\/\/www.srg-riss.de\/?p=1584"},"modified":"2018-11-22T23:44:20","modified_gmt":"2018-11-22T22:44:20","slug":"trio-kaiser-komander-und-popp-freut-sich-ueber-aufstieg","status":"publish","type":"post","link":"http:\/\/www.srg-riss.de\/?p=1584","title":{"rendered":"Trio Kaiser, Komander und Popp freut sich \u00fcber Aufstieg"},"content":{"rendered":"<p style=\"text-align: justify;\"><span style=\"color: #000000; font-family: Arial; font-size: medium;\"><span style=\"font-size: 10pt;\">Die letzte Sitzung des Verbandsausschiedsrichterausschusses hielt f\u00fcr unsere Gruppe gleich dreifach gute Nachrichten bereit. Mit David Kaiser (29, SV Erlenmoos), Marco Komander (22, TSG Maselheim- Sulmingen) und Kevin Popp (19, FC Wacker Biberach) schafften gleich drei unserer\u00a0Schiedsrichter den Sprung aus der Bezirks- in die Landesliga.\u00a0<\/span> <img loading=\"lazy\" class=\"alignright wp-image-873\" src=\"http:\/\/www.srg-riss.de\/wp-content\/uploads\/2015\/03\/K640_IMG_1431-242x300.jpg\" alt=\"\" width=\"141\" height=\"175\" \/><img loading=\"lazy\" class=\"alignright size-full wp-image-1418\" src=\"http:\/\/www.srg-riss.de\/wp-content\/uploads\/2017\/09\/IMG_3100-e1478725366673-683x1024X.jpg\" alt=\"\" width=\"163\" height=\"178\" \/><img loading=\"lazy\" class=\"alignright wp-image-1413\" src=\"http:\/\/www.srg-riss.de\/wp-content\/uploads\/2017\/09\/IMG_07712.jpg\" alt=\"\" width=\"132\" height=\"176\" \/><\/span><!--more--><\/p>\n<p style=\"text-align: justify;\"><span style=\"color: #000000; font-family: Arial; font-size: 10pt;\">Alle drei Schiedsrichter sind dabei anschauliche Beispiele, auf welche Art und Weise man an der Pfeife Karriere machen kann. David, bis vor Kurzem noch selbst f\u00fcr den SV Erlenmoos am Ball aktiv, absolvierte erst im Fr\u00fchjahr 2017 den Neulingskurs. Nach einer kurzen und intensiven Phase des Einlernens, wurde\u00a0er direkt zur Saison 2017\/2018 f\u00fcr die Bezirksliga- Beobachtung gemeldet, wo er nun innerhalb k\u00fcrzester Zeit Fu\u00df fassen konnte und so den Aufstieg besiegelte.\u00a0David ist das Paradebeispiel daf\u00fcr, dass es f\u00fcr einen Start als Schiri nie zu sp\u00e4t ist. <\/span><\/p>\n<p style=\"text-align: justify;\"><span style=\"color: #000000; font-family: Arial; font-size: 10pt;\">Marco ist bereits seit 2011 Schiedsrichter und blickt auf seine vierte Saison als Bezirksliga- Schiri zur\u00fcck. Obwohl er w\u00e4hrend dieser Zeit nicht immer vom Gl\u00fcck verfolgt wurde, wusste er aus R\u00fcckschl\u00e4gen stets zu lernen und belohnte sich nun f\u00fcr seinen langen Atem. Mit erst 22 Jahren stehen ihm so noch viele Jahre in der Amateurliga bevor.<\/span><\/p>\n<p style=\"text-align: justify;\"><span style=\"color: #000000; font-family: Arial; font-size: 10pt;\">Mit Kevin steigt nicht nur der j\u00fcngste Bezirksliga- Vertreter unserer Gruppe auf, sondern vor allem der Flei\u00dfigste. Obwohl erst 19 Jahre alt, blickt\u00a0Kevin schon auf eine Vielzahl (fast 500) an Spielen zur\u00fcck. In den vergangenen beiden Spielzeiten pfiff er insgesamt fast 200 Spiele. Die daraus gewonnene Erfahrung verhalf ihm jetzt zum verdienten Aufstieg.<\/span><\/p>\n<p style=\"text-align: justify;\"><span style=\"color: #000000; font-family: Arial; font-size: 10pt;\">Souver\u00e4ne Leistungen, wenn auch ohne Aufstieg, lieferten auch\u00a0unsere Landesliga- Schiris. <\/span><\/p>\n<p style=\"text-align: justify;\"><span style=\"color: #000000; font-family: Arial; font-size: 10pt;\">Jessica Mast (24, SV Mietingen) wurde auch in ihrer zweiten Landesliga- Saison in den sog. Coaching- Kader berufen, welcher ein F\u00f6rderprogramm f\u00fcr ausgew\u00e4hlte Schiris darstellt. Auch in mitunter schweren Spielen konnte sie sich jederzeit behaupten und f\u00fcr geordnete Verh\u00e4ltnisse sorgen. Besonders anspruchsvoll war in ihrem Fall der Spagat zwischen dem Herren- Spielbetrieb, der B- Juniorinnen- Bundesliga, wo sie als SRin zum Einsatz kam, und der 2. Frauen- Bundesliga, wo sie als Assistentin berufen wurde. In der Endabrechnung hat es f\u00fcr sie leider nicht zum Aufstieg gereicht, sie wird auch in der kommenden Saison in der Landesliga im Einsatz sein.<\/span><\/p>\n<p style=\"text-align: justify;\"><span style=\"color: #000000; font-family: Arial; font-size: 10pt;\">Ingo Grieser (47, SV Immenried) und Jochen Kahle (35, SV Burgrieden) schafften es auf den 28. von 64. Pl\u00e4tzen. Da der w\u00fcrttembergische Fu\u00dfballverband eine Altersgrenze von 47 Jahren setzt, muss\u00a0Ingo nach der kommenden Saison aus Altersgr\u00fcnden die Segel streichen. Jochen Kahle wird in Zukunft nicht mehr auf Verbandsebene pfeifen, ihm stehen pers\u00f6nliche Gr\u00fcnde im Weg. <\/span><\/p>\n<p style=\"text-align: justify;\"><span style=\"color: #000000; font-family: Arial; font-size: 10pt;\">Auf dem 34. Platz im gesicherten Mittelfeld landete Raimund Bailer (31, TSG Achstetten). <\/span><\/p>\n<p style=\"text-align: justify;\"><span style=\"color: #000000; font-family: Arial; font-size: 10pt;\">Aus beruflichen Gr\u00fcnden pausierte Felix Maucher (29, SV Eberhardzell) in der vergangenen Saison in der Verbandsliga. Er wird ab der neuen Saison wieder in dieser Klasse Spiele leiten.<\/span><\/p>\n<p>&nbsp;<\/p>\n","protected":false},"excerpt":{"rendered":"<p>Die letzte Sitzung des Verbandsausschiedsrichterausschusses hielt f\u00fcr unsere Gruppe gleich dreifach gute Nachrichten bereit. Mit David Kaiser (29, SV Erlenmoos), Marco Komander (22, TSG Maselheim- Sulmingen) und Kevin Popp (19, FC Wacker Biberach) schafften gleich drei unserer\u00a0Schiedsrichter den Sprung aus der Bezirks- in die Landesliga.\u00a0<\/p>\n","protected":false},"author":1,"featured_media":0,"comment_status":"closed","ping_status":"open","sticky":false,"template":"","format":"standard","meta":[],"categories":[1],"tags":[],"_links":{"self":[{"href":"http:\/\/www.srg-riss.de\/index.php?rest_route=\/wp\/v2\/posts\/1584"}],"collection":[{"href":"http:\/\/www.srg-riss.de\/index.php?rest_route=\/wp\/v2\/posts"}],"about":[{"href":"http:\/\/www.srg-riss.de\/index.php?rest_route=\/wp\/v2\/types\/post"}],"author":[{"embeddable":true,"href":"http:\/\/www.srg-riss.de\/index.php?rest_route=\/wp\/v2\/users\/1"}],"replies":[{"embeddable":true,"href":"http:\/\/www.srg-riss.de\/index.php?rest_route=%2Fwp%2Fv2%2Fcomments&post=1584"}],"version-history":[{"count":4,"href":"http:\/\/www.srg-riss.de\/index.php?rest_route=\/wp\/v2\/posts\/1584\/revisions"}],"predecessor-version":[{"id":1668,"href":"http:\/\/www.srg-riss.de\/index.php?rest_route=\/wp\/v2\/posts\/1584\/revisions\/1668"}],"wp:attachment":[{"href":"http:\/\/www.srg-riss.de\/index.php?rest_route=%2Fwp%2Fv2%2Fmedia&parent=1584"}],"wp:term":[{"taxonomy":"category","embeddable":true,"href":"http:\/\/www.srg-riss.de\/index.php?rest_route=%2Fwp%2Fv2%2Fcategories&post=1584"},{"taxonomy":"post_tag","embeddable":true,"href":"http:\/\/www.srg-riss.de\/index.php?rest_route=%2Fwp%2Fv2%2Ftags&post=1584"}],"curies":[{"name":"wp","href":"https:\/\/api.w.org\/{rel}","templated":true}]}}